{"id":3341,"date":"2019-07-10T09:12:08","date_gmt":"2019-07-10T07:12:08","guid":{"rendered":"https:\/\/animalpoliceassociation.com\/?p=3341"},"modified":"2021-05-01T15:25:34","modified_gmt":"2021-05-01T13:25:34","slug":"juni-2019","status":"publish","type":"post","link":"https:\/\/animalpoliceassociation.com\/es\/juni-2019\/","title":{"rendered":"JUNIO 2019"},"content":{"rendered":"<h4>NUESTROS ANIMALES<\/h4>\n<p>Por supuesto, este mes tambi\u00e9n hemos ayudado a muchas pobres criaturas, las hemos rescatado, las hemos acogido, las hemos cuidado hasta que han recuperado la salud y las hemos colocado en un nuevo y hermoso hogar con mucho amor.<span class=\"Apple-converted-space\">\u00a0<\/span><\/p>\n<p>S\u00f3lo en el mes de junio, los cuidados veterinarios, la manutenci\u00f3n, los honorarios de los abogados y las sumas de rescate nos han costado una cantidad de aproximadamente 3'500 euros. Por supuesto, el trabajo del equipo de la Polic\u00eda Animal no se cobra ni se remunera aqu\u00ed, \u00a1y por ello queremos agradecer una vez m\u00e1s a nuestro equipo! Sois todo un martillo y nos alegramos de tener un equipo tan fuerte detr\u00e1s de nosotros.<span class=\"Apple-converted-space\">\u00a0<\/span><\/p>\n<p>Nos gustar\u00eda compartir estos costes con usted para mostrarle lo que nos cuesta un solo mes. Y esto s\u00f3lo puede llevarse a cabo gracias a nuestros donantes, a los que queremos dar las gracias de nuevo de todo coraz\u00f3n.<span class=\"Apple-converted-space\">\u00a0<\/span><\/p>\n<h4>POLIC\u00cdA ANIMAL EN LA SUIZA ILUSTRADA<\/h4>\n<p>En junio de 2019, Animal Police tuvo el honor de ganar una presencia muy grande en la revista \"Schweizer Illustrierte\" en un art\u00edculo de cuatro p\u00e1ginas sobre Farah de Tomi.<span class=\"Apple-converted-space\">\u00a0<\/span><\/p>\n<p>El art\u00edculo trata de la determinaci\u00f3n de Farah de ayudar a los pobres y sufridos animales de Mallorca, as\u00ed como de la fundaci\u00f3n y las sentidas acciones del Equipo de Polic\u00eda Animal y, especialmente, de la planificaci\u00f3n de la \"Finca Noah\", basada en el modelo del \"Gut Aiderbichel\" de Austria.<span class=\"Apple-converted-space\">\u00a0<\/span><\/p>\n<p>Nos gustar\u00eda aprovechar esta oportunidad para agradecer de todo coraz\u00f3n a Schweizer Illustrierte y a la responsable de entretenimiento Karin El Mais esta gran oportunidad y la fuerza que nos da. A ra\u00edz del art\u00edculo, ya hemos recibido varias donaciones y felicitaciones, por lo que estamos infinitamente agradecidos. Gracias al apoyo de los medios de comunicaci\u00f3n, muchos animales que sufren tienen la oportunidad de tener una vida mejor. \u00a1Animal Police est\u00e1 s\u00faper contento con este gran art\u00edculo!<span class=\"Apple-converted-space\">\u00a0<\/span><\/p>\n<p><a href=\"https:\/\/animalpoliceassociation.com\/wp-content\/uploads\/2019\/07\/SIHP99_0000_AnimalPolice.pdf\" target=\"_blank\" rel=\"noopener noreferrer\">ART\u00cdCULO EN EL SWISS ILLUSTRATED<\/a><\/p>\n<h4>GRACIAS MONA<\/h4>\n<p>En junio no s\u00f3lo recibimos una generosa donaci\u00f3n de Mona, sino algo que no tiene precio: \u00a1hermosas palabras! \u00a1Muchas gracias querida Mona por tu carta, que tanto nos motiva, nos fortalece y nos da la fuerza necesaria para continuar! Eres un regalo maravilloso para todo el mundo animal. Nosotros, y especialmente los animales de todo el mundo, le estamos agradecidos. No s\u00f3lo por su donaci\u00f3n, sino tambi\u00e9n por su compromiso y su gran coraz\u00f3n, \u00a1GRACIAS!<span class=\"Apple-converted-space\"> <img fetchpriority=\"high\" decoding=\"async\" class=\"size-medium wp-image-3351 alignright\" src=\"https:\/\/animalpoliceassociation.com\/wp-content\/uploads\/2019\/07\/Mona-225x300.png\" alt=\"\" width=\"225\" height=\"300\" srcset=\"https:\/\/animalpoliceassociation.com\/wp-content\/uploads\/2019\/07\/Mona-225x300.png 225w, https:\/\/animalpoliceassociation.com\/wp-content\/uploads\/2019\/07\/Mona.png 365w\" sizes=\"(max-width: 225px) 100vw, 225px\" \/><\/span><\/p>\n<p><i>\"Querida Farah de Tomi, en SI le\u00ed tu post y ahora soy una fan tuya. Qu\u00e9 bien que haya gente tan amante de los animales como t\u00fa. Muchas gracias por ayudar a los animales con problemas en Mallorca. Deber\u00eda haber un \"Farah\" en cada pa\u00eds, desgraciadamente esto ser\u00eda urgentemente necesario. Con la moto ya he estado en muchos pa\u00edses y veo una y otra vez animales plagados y desabastecidos, si puedo hablo con la gente e intento transmitir que los animales sienten miedo y dolor y no merecen sufrir, pero muchas veces me encuentro con el rechazo y la ignorancia unida a la incomprensi\u00f3n............ he llorado muchas veces en mis viajes, veo animales sufriendo las l\u00e1grimas vienen inmediatamente y me entristecen infinitamente. Ning\u00fan animal merece sufrir, son tan puros e inocentes. Yo mismo tengo 3 gatos y durante muchos a\u00f1os tuve mis propios caballos. Pero no tuve tiempo y desde hace 4 a\u00f1os ya no tengo caballo, pero nunca regalar\u00eda a mis gatos, disfrutan de una vida de ensue\u00f1o conmigo y con mi marido como se merecen. Con mucho gusto har\u00e9 peque\u00f1as donaciones en el futuro para apoyaros, os deseo mucha suerte con la realizaci\u00f3n de la \"Finca Noah\". Que Dios te bendiga, todo el amor y el bien que te deseo. <\/i><\/p>\n<p><i>Saludos cordiales\" - Mona<\/i><\/p>\n<h4>NUESTROS AMIGOS LOS ANIMALES<\/h4>\n<p>Tambi\u00e9n en junio pudimos conocer a muchos amigos animales incre\u00edblemente buenos. Mientras tanto, somos todo un grupo de protectores de animales en Mallorca, que damos lo humanamente posible d\u00eda y noche para ayudar a cada peque\u00f1a y pobre alma.<span class=\"Apple-converted-space\">\u00a0<\/span><\/p>\n<p>En este punto nos gustar\u00eda agradecer de todo coraz\u00f3n <b>TANNE <\/b>Gracias. Nuestro abeto muestra siempre un compromiso incansable y est\u00e1 listo para actuar en cualquier momento, de d\u00eda o de noche, cuando un animal pide ayuda.<span class=\"Apple-converted-space\">\u00a0<\/span><\/p>\n<p>A trav\u00e9s de nuestra Alessandra pudimos conocer a otras tres personas maravillosas y a\u00f1adirlas a nuestro equipo:<span class=\"Apple-converted-space\">\u00a0<\/span><\/p>\n<p>A nuestro querido <b>SILVIE <\/b>expresamos nuestra m\u00e1s profunda gratitud y respeto. Para Farah es \"el \u00e1ngel de la isla\". Ya tiene m\u00e1s de un centenar de animales en casa y lleva m\u00e1s de 20 a\u00f1os en la hermosa isla de Mallorca, donde ha dedicado su vida al bienestar animal.<span class=\"Apple-converted-space\">\u00a0<\/span><\/p>\n<p>Tambi\u00e9n se nos permiti\u00f3 la querida <b>VERENA <\/b>y <b>SUSANNE <\/b>conocer. Verena se ha dedicado a una tarea ingente: cuidar el refugio de su amiga desgraciadamente fallecida. En realidad, Verena vive en Alemania y va y viene cada semana para seguir dirigiendo el refugio junto con Susanne con tanto entusiasmo, fuerza y alegr\u00eda. Es tan maravilloso conocer a personas as\u00ed a tu lado y darnos fuerza mutuamente.<span class=\"Apple-converted-space\">\u00a0<\/span><\/p>\n<p><b>GABY <\/b>tambi\u00e9n lleva muchos a\u00f1os en la isla de Mallorca y es propietario de una cuadra de equitaci\u00f3n cerca de Palma. Es una mujer poderosa con los pies en la tierra que siempre nos ofrece apoyo en cualquier momento y por eso nosotros, y especialmente Farah, estamos infinitamente agradecidos.<span class=\"Apple-converted-space\">\u00a0<\/span><\/p>\n<p>Tambi\u00e9n <b>MARLENE <\/b>lleva muchos a\u00f1os en la isla y se ocupa de toda la zona del este de la isla (Cala Millor) para rescatar animales. Ella tambi\u00e9n ha acogido a m\u00e1s de un centenar de animales en su casa y tambi\u00e9n est\u00e1 siempre disponible para cualquier pregunta o ayuda para la Polic\u00eda Animal y por ello le estamos agradecidos de todo coraz\u00f3n.<span class=\"Apple-converted-space\">\u00a0<\/span><\/p>\n<p>Farah quiere decir que no quiere volver a echar de menos a ninguna de estas personas en su vida y que saber que no est\u00e1 sola le da mucha fuerza y alegr\u00eda. S\u00f3lo hay un lema para todos nosotros: \"juntos somos fuertes\" y todos luchamos juntos por lo mismo, \u00a1por el derecho de los animales!<span class=\"Apple-converted-space\">\u00a0<\/span><\/p>\n<h4>AYUDA URGENTE<\/h4>\n<p>Mientras tanto, nuestro equipo tambi\u00e9n incluye a la encantadora Jenny. Jenny lleva varios a\u00f1os trabajando por el bienestar de los animales y tiene su propia organizaci\u00f3n de bienestar animal. La Polic\u00eda Animal desea agradecer a <b>JENNY <\/b>\u00a1por su compromiso con los animales en Mallorca y la cooperaci\u00f3n con la Polic\u00eda Animal!<span class=\"Apple-converted-space\">\u00a0<\/span><br \/>\n<img decoding=\"async\" class=\"size-medium wp-image-3350 alignleft\" src=\"https:\/\/animalpoliceassociation.com\/wp-content\/uploads\/2019\/07\/Jenny-Hunde-300x225.png\" alt=\"\" width=\"300\" height=\"225\" srcset=\"https:\/\/animalpoliceassociation.com\/wp-content\/uploads\/2019\/07\/Jenny-Hunde-300x225.png 300w, https:\/\/animalpoliceassociation.com\/wp-content\/uploads\/2019\/07\/Jenny-Hunde.png 539w\" sizes=\"(max-width: 300px) 100vw, 300px\" \/><\/p>\n<p>Este mes Jenny ha demostrado lo grande que es su coraz\u00f3n para los animales. Junto con la Polic\u00eda Animal hemos rescatado a dos perros muy pobres de condiciones deplorables. Estos dos galgos, Ella y Elsa, est\u00e1n en tan mal estado y mentalmente destruidos que ya no pueden ser colocados. Cuando se encontraron los perros, estaban llenos de pulgas y garrapatas, estaban tan demacrados y enfermos que te destroza el coraz\u00f3n. En este momento de necesidad, Jenny se ofreci\u00f3 a acogerlos, junto con los 13 perros que ya hab\u00eda rescatado, y darles otra vida tranquila. Es un acto heroico incre\u00edble para la Polic\u00eda Animal y nos conmueve profundamente.<span class=\"Apple-converted-space\">\u00a0<\/span><\/p>\n<p>Por su generosidad, nos gustar\u00eda comprometernos a apoyar a Jenny. <b>\u00a1Los dos Galgos necesitan urgentemente ayuda en forma de apadrinamiento! <\/b>Se ofrece un apadrinamiento para uno de los dos perros por 50 euros al mes y estamos incre\u00edblemente agradecidos si alguien apoya la heroica haza\u00f1a de Jenny.<\/p>\n<h4>NUESTRO TROI<\/h4>\n<p>Hace unos d\u00edas, Animal Police recibi\u00f3 un maravilloso mensaje de nuestra \"Troi\", a la que se le permiti\u00f3 ir a un nuevo y cari\u00f1oso hogar en Suiza hace unas semanas. Nuestros corazones se calientan y nos alegramos por nuestro amigo Troi de que se sienta tan c\u00f3modo en su cari\u00f1oso hogar y de que vuelva a estar bien.<img decoding=\"async\" class=\"size-medium wp-image-3352 alignright\" src=\"https:\/\/animalpoliceassociation.com\/wp-content\/uploads\/2019\/07\/WhatsApp-Image-2019-06-27-at-01.10.13-e1562748715531-147x300.jpeg\" alt=\"\" width=\"147\" height=\"300\" srcset=\"https:\/\/animalpoliceassociation.com\/wp-content\/uploads\/2019\/07\/WhatsApp-Image-2019-06-27-at-01.10.13-e1562748715531-147x300.jpeg 147w, https:\/\/animalpoliceassociation.com\/wp-content\/uploads\/2019\/07\/WhatsApp-Image-2019-06-27-at-01.10.13-e1562748715531-600x1227.jpeg 600w, https:\/\/animalpoliceassociation.com\/wp-content\/uploads\/2019\/07\/WhatsApp-Image-2019-06-27-at-01.10.13-e1562748715531-501x1024.jpeg 501w, https:\/\/animalpoliceassociation.com\/wp-content\/uploads\/2019\/07\/WhatsApp-Image-2019-06-27-at-01.10.13-e1562748715531.jpeg 633w\" sizes=\"(max-width: 147px) 100vw, 147px\" \/><\/p>\n<p>\u00a1Sinceras GRACIAS a Regina por este maravilloso lugar para vivir y amar a Troi!<span class=\"Apple-converted-space\">\u00a0<\/span><\/p>\n<p><i>\"Querida Farah.<span class=\"Apple-converted-space\">\u00a0<\/span><\/i><i>\u00a1\u00a1Est\u00e1 s\u00faper bien en Zwillikon!! Imag\u00ednate, tengo una cama blanda. Lo guardo como la ni\u00f1a de mis ojos.<span class=\"Apple-converted-space\">\u00a0<\/span><\/i><i>Incluso intento jugar con mi peque\u00f1o hermano pubescente Ati.<span class=\"Apple-converted-space\">\u00a0<\/span><\/i><i>Por desgracia, mi madre adoptiva est\u00e1 intentando ense\u00f1arme a sentarme y a bajar. \u00bfDe qu\u00e9 sirve eso? Pero de todos modos hago lo que quiero. Ya la tengo muy bien controlada.<span class=\"Apple-converted-space\">\u00a0<\/span><\/i><i>No quiero tener nada que ver con extra\u00f1os, ella no quiere tener eso. Tengo que darle un poco m\u00e1s de tiempo...<span class=\"Apple-converted-space\">\u00a0<\/span><\/i><br \/>\n<i>Muchos saludos queridos, tambi\u00e9n desde Regina.\u00a0<\/i><\/p>\n<p><i>Tu amigo perrito \" Troi<\/i><\/p>\n<h4>FINCA NOAH<\/h4>\n<p>Seguimos luchando por nuestro gran sue\u00f1o de nuestro propio \"Gut Aiderbichel\" en forma de nuestra Finca Noah. Para hacer realidad nuestro sue\u00f1o, ya hemos encontrado el terreno perfecto. Desgraciadamente, seguimos sin la financiaci\u00f3n necesaria, pero no renunciamos a recoger donaciones para poder crear un para\u00edso para los pobres animales. Si alcanzamos nuestro objetivo, por fin se pondr\u00e1 fin al sufrimiento de los animales en Mallorca.<span class=\"Apple-converted-space\">\u00a0<\/span><\/p>\n<p>Estamos infinitamente agradecidos por cualquier apoyo. \u00a1Juntos siempre somos m\u00e1s fuertes!<span class=\"Apple-converted-space\">\u00a0<\/span><\/p>\n<h4>P\u00c1GINA DE INICIO - LIBERACI\u00d3N DE LA ADOPCI\u00d3N<\/h4>\n<p>Desde junio, Animal Police ha creado una nueva oportunidad para los animales que sufren. En nuestra p\u00e1gina web en <a href=\"https:\/\/animalpoliceassociation.com\/es\/adoption\/\">ADOPCIONES<\/a> ahora tiene la posibilidad de dar en adopci\u00f3n a su animal, que necesita urgentemente un nuevo lugar para vivir. Cada visitante de la p\u00e1gina web puede poner su propio anuncio con nosotros.<br \/>\nLo que no apoyamos son los criadores u organizaciones que quieren ganar dinero a trav\u00e9s de los animales, tales solicitudes ser\u00e1n, por supuesto, bloqueadas directamente en el sitio. Deseamos que esta plataforma se convierta en un gran portal para salvar a los animales en todo el mundo. Por cada animal mediado a trav\u00e9s de nuestra p\u00e1gina web, 10 euros ir\u00e1n a parar a las arcas de donaciones de Animal Police, con el fin de ayudar a m\u00e1s animales.<span class=\"Apple-converted-space\">\u00a0<\/span><\/p>\n<p>La Polic\u00eda Animal ya est\u00e1 deseando informarle de las \u00faltimas novedades, que esperamos sean puntuales a finales de julio.<\/p>\n<p>Para las actualizaciones intermedias, nuestros canales de medios sociales siempre ofrecen informaci\u00f3n, im\u00e1genes y v\u00eddeos.<span class=\"Apple-converted-space\">\u00a0Nos encantar\u00eda que nos siguieras all\u00ed tambi\u00e9n.<\/span><\/p>\n<p><em>Escrito por Robine Amendola<\/em><\/p>","protected":false},"excerpt":{"rendered":"<p>NUESTROS ANIMALES Por supuesto, este mes tambi\u00e9n ayudamos a muchas pobres criaturas, las rescatamos, las acogimos, las cuidamos hasta que recuperaron la salud y las colocamos en un nuevo y hermoso hogar con mucho amor.  S\u00f3lo en el mes de junio, los cuidados veterinarios, la manutenci\u00f3n, los gastos legales y las tasas de reembolso nos costaron unos 3.500 euros. Por supuesto [...]<\/p>","protected":false},"author":3,"featured_media":3309,"comment_status":"closed","ping_status":"open","sticky":false,"template":"","format":"gallery","meta":{"footnotes":""},"categories":[8],"tags":[],"class_list":["post-3341","post","type-post","status-publish","format-gallery","has-post-thumbnail","hentry","category-newsletter","post_format-post-format-gallery"],"_links":{"self":[{"href":"https:\/\/animalpoliceassociation.com\/es\/wp-json\/wp\/v2\/posts\/3341","targetHints":{"allow":["GET"]}}],"collection":[{"href":"https:\/\/animalpoliceassociation.com\/es\/wp-json\/wp\/v2\/posts"}],"about":[{"href":"https:\/\/animalpoliceassociation.com\/es\/wp-json\/wp\/v2\/types\/post"}],"author":[{"embeddable":true,"href":"https:\/\/animalpoliceassociation.com\/es\/wp-json\/wp\/v2\/users\/3"}],"replies":[{"embeddable":true,"href":"https:\/\/animalpoliceassociation.com\/es\/wp-json\/wp\/v2\/comments?post=3341"}],"version-history":[{"count":0,"href":"https:\/\/animalpoliceassociation.com\/es\/wp-json\/wp\/v2\/posts\/3341\/revisions"}],"wp:featuredmedia":[{"embeddable":true,"href":"https:\/\/animalpoliceassociation.com\/es\/wp-json\/wp\/v2\/media\/3309"}],"wp:attachment":[{"href":"https:\/\/animalpoliceassociation.com\/es\/wp-json\/wp\/v2\/media?parent=3341"}],"wp:term":[{"taxonomy":"category","embeddable":true,"href":"https:\/\/animalpoliceassociation.com\/es\/wp-json\/wp\/v2\/categories?post=3341"},{"taxonomy":"post_tag","embeddable":true,"href":"https:\/\/animalpoliceassociation.com\/es\/wp-json\/wp\/v2\/tags?post=3341"}],"curies":[{"name":"wp","href":"https:\/\/api.w.org\/{rel}","templated":true}]}}