{"id":3408,"date":"2019-11-04T08:27:20","date_gmt":"2019-11-04T07:27:20","guid":{"rendered":"https:\/\/animalpoliceassociation.com\/?p=3408"},"modified":"2021-05-01T15:26:37","modified_gmt":"2021-05-01T13:26:37","slug":"oktober-2019","status":"publish","type":"post","link":"https:\/\/animalpoliceassociation.com\/fr\/oktober-2019\/","title":{"rendered":"OCTOBRE 2019"},"content":{"rendered":"<h4>SENIOR ROSSI CHERCHE UN FOYER<\/h4>\n<p>Senior Rossi est un petit gar\u00e7on d'environ trois ans, de race Ratero, qui est \u00e0 la recherche d'un nouvel endroit o\u00f9 vivre. Il a \u00e9t\u00e9 enferm\u00e9 dans un hangar pendant des ann\u00e9es et a toujours un peu peur car tout est nouveau et inconnu pour lui. Il n'ose pas encore sortir dans le noir. Malgr\u00e9 tout, il est tr\u00e8s c\u00e2lin ! Senior Rossi a \u00e9t\u00e9 puc\u00e9, vaccin\u00e9, st\u00e9rilis\u00e9 et test\u00e9 pour toute maladie m\u00e9diterran\u00e9enne. Il est en excellente sant\u00e9. Il vit actuellement avec de nombreux autres animaux dans un centre de secours et aimerait trouver un foyer avec une dose suppl\u00e9mentaire d'amour !<br \/>\nNous faisons beaucoup confiance \u00e0 nos amis les animaux et nous esp\u00e9rons que quelqu'un prendra Senior Rossi dans son c\u0153ur et lui offrira un endroit o\u00f9 vivre. Si vous souhaitez des photos, n'h\u00e9sitez pas \u00e0 nous les demander !<\/p>\n<h4>MONA ET COCO ONT UNE MAISON<\/h4>\n<p>Les deux chats super doux \"Mona\" (femelle) et \"Coco\" (m\u00e2le) ont \u00e9t\u00e9 autoris\u00e9s \u00e0 aller dans un foyer merveilleux et aimant en Suisse. Apr\u00e8s l'appel lanc\u00e9 dans le bulletin du mois dernier, des parents adoptifs ont \u00e9t\u00e9 trouv\u00e9s imm\u00e9diatement pour les deux chats et nous tenons \u00e0 remercier du fond du c\u0153ur notre communaut\u00e9 d'amis des animaux pour ce grand soutien ! Cela signifie beaucoup pour nous et c'est particuli\u00e8rement merveilleux pour les animaux qui ont besoin d'un endroit pour vivre !<\/p>\n<h4>\u00a0<img fetchpriority=\"high\" decoding=\"async\" class=\"alignnone size-medium wp-image-3411\" src=\"https:\/\/animalpoliceassociation.com\/wp-content\/uploads\/2019\/11\/coco-224x300.png\" alt=\"\" width=\"224\" height=\"300\" srcset=\"https:\/\/animalpoliceassociation.com\/wp-content\/uploads\/2019\/11\/coco-224x300.png 224w, https:\/\/animalpoliceassociation.com\/wp-content\/uploads\/2019\/11\/coco.png 247w\" sizes=\"(max-width: 224px) 100vw, 224px\" \/><img decoding=\"async\" class=\"alignnone size-medium wp-image-3415\" src=\"https:\/\/animalpoliceassociation.com\/wp-content\/uploads\/2019\/11\/Mona-300x226.png\" alt=\"\" width=\"300\" height=\"226\" srcset=\"https:\/\/animalpoliceassociation.com\/wp-content\/uploads\/2019\/11\/Mona-300x226.png 300w, https:\/\/animalpoliceassociation.com\/wp-content\/uploads\/2019\/11\/Mona.png 443w\" sizes=\"(max-width: 300px) 100vw, 300px\" \/><\/h4>\n<h4><span style=\"color: #ffffff;\">&#8211;<\/span><\/h4>\n<h4>PRIMA DONNA<\/h4>\n<p><img decoding=\"async\" class=\"size-full wp-image-3416 alignleft\" src=\"https:\/\/animalpoliceassociation.com\/wp-content\/uploads\/2019\/11\/prima-donna.png\" alt=\"\" width=\"283\" height=\"287\" srcset=\"https:\/\/animalpoliceassociation.com\/wp-content\/uploads\/2019\/11\/prima-donna.png 283w, https:\/\/animalpoliceassociation.com\/wp-content\/uploads\/2019\/11\/prima-donna-100x100.png 100w\" sizes=\"(max-width: 283px) 100vw, 283px\" \/>Le chien appartenait \u00e0 une femme chinoise de Majorque qui l'a emmen\u00e9 chez notre v\u00e9t\u00e9rinaire de confiance, Shimin. La pauvre chienne souffrait d'une quadruple fracture du f\u00e9mur et il en aurait co\u00fbt\u00e9 300 euros \u00e0 son propri\u00e9taire pour la soigner. Elle \u00e9tait tellement en col\u00e8re qu'elle est rentr\u00e9e chez elle et a pos\u00e9 un pl\u00e2tre sur le chien elle-m\u00eame, ce qui n'a fait qu'empirer les choses ! La police des animaux s'est charg\u00e9e de l'op\u00e9ration, qui a dur\u00e9 3 heures et demie et nous a co\u00fbt\u00e9 pr\u00e8s de 2 000 euros. Notre Marlene a pris Prima Donna chez elle et s'est occup\u00e9e d'elle comme une folle. Malheureusement, nous avons perdu ce combat et avons d\u00fb laisser partir Prima Donna, le c\u0153ur lourd. Nous repensons \u00e0 Prima Donna pleine d'amour et continuons \u00e0 nous battre pour \u00e9viter de tels cas !<\/p>\n<h4><\/h4>\n<h4>FINCA NOAH<\/h4>\n<p>Nous sommes tr\u00e8s fiers de pouvoir enfin assister au lancement de la Finca Noah. L'\u00e9quipe de la police des animaux est tr\u00e8s enthousiaste \u00e0 l'id\u00e9e de construire des chenils et des cabanes pour les animaux et de cr\u00e9er un v\u00e9ritable paradis pour les animaux. Animal Police est tr\u00e8s heureux de pouvoir bient\u00f4t offrir \u00e0 de nombreux animaux un endroit merveilleux o\u00f9 ils seront soign\u00e9s jusqu'\u00e0 ce qu'ils puissent trouver un nouveau foyer. Vous pouvez avoir une br\u00e8ve impression dans la vid\u00e9o :<\/p>\n<p><iframe src=\"https:\/\/www.youtube.com\/embed\/vM6FoxxymKw\" width=\"360\" height=\"215\" frameborder=\"0\" allowfullscreen=\"allowfullscreen\"><span data-mce-type=\"bookmark\" style=\"display: inline-block; width: 0px; overflow: hidden; line-height: 0;\" class=\"mce_SELRES_start\">?<\/span><\/iframe><\/p>\n<h4>CASH ET CARRY<\/h4>\n<p>Apr\u00e8s que Cash et Carry aient pu vivre avec Farah pendant plus de 4 mois et se r\u00e9tablir, ils ont maintenant la merveilleuse opportunit\u00e9 d'\u00eatre adopt\u00e9s dans un foyer super g\u00e9nial et aimant en Allemagne. Nous souhaitons aux deux adorables chats de passer un moment tr\u00e8s sp\u00e9cial dans leur nouvelle maison avec beaucoup de c\u00e2lins. Un grand merci aux parents adoptifs ! Nous sommes tr\u00e8s heureux pour les deux chats et le fait qu'ils puissent rester ensemble est tout simplement merveilleux !<\/p>\n<p><img loading=\"lazy\" decoding=\"async\" class=\"alignnone size-medium wp-image-3410\" src=\"https:\/\/animalpoliceassociation.com\/wp-content\/uploads\/2019\/11\/cash-283x300.png\" alt=\"\" width=\"283\" height=\"300\" srcset=\"https:\/\/animalpoliceassociation.com\/wp-content\/uploads\/2019\/11\/cash-283x300.png 283w, https:\/\/animalpoliceassociation.com\/wp-content\/uploads\/2019\/11\/cash.png 310w\" sizes=\"(max-width: 283px) 100vw, 283px\" \/> <img loading=\"lazy\" decoding=\"async\" class=\"alignnone size-medium wp-image-3409\" src=\"https:\/\/animalpoliceassociation.com\/wp-content\/uploads\/2019\/11\/carry-300x274.png\" alt=\"\" width=\"300\" height=\"274\" srcset=\"https:\/\/animalpoliceassociation.com\/wp-content\/uploads\/2019\/11\/carry-300x274.png 300w, https:\/\/animalpoliceassociation.com\/wp-content\/uploads\/2019\/11\/carry.png 352w\" sizes=\"(max-width: 300px) 100vw, 300px\" \/><\/p>\n<h4><\/h4>\n<h4>OP\u00c9RATION DE SAUVETAGE DE DEUX \u00c2NES ET D'UNE JUMENT<\/h4>\n<p>La police des animaux a f\u00eat\u00e9 un grand succ\u00e8s avec le \"Hundkatzemaus\" de VOX lorsque nous avons sauv\u00e9 deux \u00e2nes et une jument grise.<br \/>\nL'\u00e2ne \u00e9talon a \u00e9t\u00e9 castr\u00e9, a re\u00e7u de nouveaux sabots et \u00e9tait en bonne voie de gu\u00e9rison. Malheureusement, nous avons \u00e9galement d\u00fb le laisser partir deux semaines plus tard, car il est mort d'un retournement d'estomac. La police des animaux s'est beaucoup battue pour l'\u00e2ne et n'a pas m\u00e9nag\u00e9 ses efforts ni ses d\u00e9penses ! Malheureusement, ce n'est pas toujours aussi facile et nous devons nous battre avec des pertes tr\u00e8s lourdes et d\u00e9chirantes.<br \/>\nLa jument \u00e2nesse avait des sabots de plus de 30 cm de long et n'avait donc aucune chance de pouvoir marcher dessus de quelque mani\u00e8re que ce soit. La police des animaux a d\u00fb proc\u00e9der \u00e0 un raccourcissement des tendons et, bien s\u00fbr, \u00e0 des soins des sabots pour qu'elle puisse \u00e0 nouveau se d\u00e9placer.<\/p>\n<p><img loading=\"lazy\" decoding=\"async\" class=\"size-medium wp-image-3412 alignleft\" src=\"https:\/\/animalpoliceassociation.com\/wp-content\/uploads\/2019\/11\/esel-223x300.png\" alt=\"\" width=\"223\" height=\"300\" srcset=\"https:\/\/animalpoliceassociation.com\/wp-content\/uploads\/2019\/11\/esel-223x300.png 223w, https:\/\/animalpoliceassociation.com\/wp-content\/uploads\/2019\/11\/esel.png 243w\" sizes=\"(max-width: 223px) 100vw, 223px\" \/><\/p>\n<p>La pauvre jument grise est terriblement maigre en raison d'une maladie r\u00e9nale, dont nous nous occupons maintenant aussi, bien s\u00fbr ! La jument est encore en vie, mais elle a \u00e9t\u00e9 ramen\u00e9e dans son lieu de mis\u00e8re par l'ancien propri\u00e9taire et doit maintenant supporter la souffrance des \u00e9go\u00efstes. Cependant, nous continuons \u00e0 faire de notre mieux pour que la jument grise et la jument \u00e2nesse se portent aussi bien que possible !<\/p>\n<p>La police des animaux a tout donn\u00e9 pour aider les animaux ainsi que les propri\u00e9taires ! Les propri\u00e9taires avaient donn\u00e9 leur accord, \u00e9taient tr\u00e8s heureux de notre aide et ont m\u00eame aid\u00e9 la police des animaux et \"Hundkatzemaus\" \u00e0 transporter les animaux vers une clinique v\u00e9t\u00e9rinaire. Aujourd'hui, cependant, ils ont engag\u00e9 des poursuites p\u00e9nales contre nous pour prise ill\u00e9gale des animaux. La proc\u00e9dure bat son plein et Animal Police continuera \u00e0 se battre pour ces animaux et leurs droits !<\/p>\n<h4><\/h4>\n<h4>ANIMAL POLICE &amp; VOX AT THE GUARDIA CIVIL<\/h4>\n<p>Farah de Animal Police et Judith de la s\u00e9rie \"Hundkatzemaus\" ont d\u00fb se rendre \u00e0 la Guardia Civil pour cette affaire. Vous pourrez voir et suivre toute l'histoire \u00e0 la mi-novembre dans l'\u00e9mission \"Hundkatzemaus\" de VOX ! Un grand merci \u00e0 l'\u00e9quipe de VOX TV et \u00e0 Judith pour son incroyable engagement envers les animaux ! C'est merveilleux de rencontrer des gens comme \u00e7a !<\/p>\n<p><img loading=\"lazy\" decoding=\"async\" class=\"alignnone size-medium wp-image-3413\" src=\"https:\/\/animalpoliceassociation.com\/wp-content\/uploads\/2019\/11\/Guardia-Civil-300x225.png\" alt=\"\" width=\"300\" height=\"225\" srcset=\"https:\/\/animalpoliceassociation.com\/wp-content\/uploads\/2019\/11\/Guardia-Civil-300x225.png 300w, https:\/\/animalpoliceassociation.com\/wp-content\/uploads\/2019\/11\/Guardia-Civil.png 533w\" sizes=\"(max-width: 300px) 100vw, 300px\" \/><\/p>\n<p><em>\u00c9crit par Robine Amendola<\/em><\/p>","protected":false},"excerpt":{"rendered":"<p>SENIOR ROSSI RECHERCHE UN FOURRIER Senior Rossi est un petit Ratero-mix d'environ trois ans, \u00e0 la recherche d'un nouveau lieu de vie plein d'amour ! Il a \u00e9t\u00e9 enferm\u00e9 pendant des ann\u00e9es dans un hangar et est encore un peu craintif, car tout est nouveau et inconnu pour lui. Il n'ose pas encore sortir dans l'obscurit\u00e9. Malgr\u00e9 tout, il [...]<\/p>","protected":false},"author":3,"featured_media":3413,"comment_status":"closed","ping_status":"open","sticky":false,"template":"","format":"gallery","meta":{"footnotes":""},"categories":[8],"tags":[],"class_list":["post-3408","post","type-post","status-publish","format-gallery","has-post-thumbnail","hentry","category-newsletter","post_format-post-format-gallery"],"_links":{"self":[{"href":"https:\/\/animalpoliceassociation.com\/fr\/wp-json\/wp\/v2\/posts\/3408","targetHints":{"allow":["GET"]}}],"collection":[{"href":"https:\/\/animalpoliceassociation.com\/fr\/wp-json\/wp\/v2\/posts"}],"about":[{"href":"https:\/\/animalpoliceassociation.com\/fr\/wp-json\/wp\/v2\/types\/post"}],"author":[{"embeddable":true,"href":"https:\/\/animalpoliceassociation.com\/fr\/wp-json\/wp\/v2\/users\/3"}],"replies":[{"embeddable":true,"href":"https:\/\/animalpoliceassociation.com\/fr\/wp-json\/wp\/v2\/comments?post=3408"}],"version-history":[{"count":0,"href":"https:\/\/animalpoliceassociation.com\/fr\/wp-json\/wp\/v2\/posts\/3408\/revisions"}],"wp:featuredmedia":[{"embeddable":true,"href":"https:\/\/animalpoliceassociation.com\/fr\/wp-json\/wp\/v2\/media\/3413"}],"wp:attachment":[{"href":"https:\/\/animalpoliceassociation.com\/fr\/wp-json\/wp\/v2\/media?parent=3408"}],"wp:term":[{"taxonomy":"category","embeddable":true,"href":"https:\/\/animalpoliceassociation.com\/fr\/wp-json\/wp\/v2\/categories?post=3408"},{"taxonomy":"post_tag","embeddable":true,"href":"https:\/\/animalpoliceassociation.com\/fr\/wp-json\/wp\/v2\/tags?post=3408"}],"curies":[{"name":"wp","href":"https:\/\/api.w.org\/{rel}","templated":true}]}}